{"id":646,"date":"2011-12-09T12:19:21","date_gmt":"2011-12-09T10:19:21","guid":{"rendered":"https:\/\/www.schlingensief.com\/weblog\/?p=646"},"modified":"2011-12-09T12:19:21","modified_gmt":"2011-12-09T10:19:21","slug":"operndorf-afrika-zwischenstand","status":"publish","type":"post","link":"https:\/\/www.schlingensief.com\/weblog\/?p=646","title":{"rendered":"OPERNDORF AFRIKA: ZWISCHENSTAND"},"content":{"rendered":"<p><strong>Operndorf Afrika: Zwischenstand der Dinge \u2013 Zwischenstand der Kunst. Podiumsgespr\u00e4ch mit Aino Laberenz, John Bock, Dr. Harald Falckenberg und Matthias Lilienthal. Moderation: Wolfgang H\u00f6bel.<\/strong><\/p>\n<p>Seit 2008 arbeitete Christoph Schlingensief an der Idee f\u00fcr das OPERNDORF AFRIKA, das er als kulturelle Begegnungs- und Experimentierst\u00e4tte verstand. Es war klar, dass das so eine Sache ist mit dem allgemeinen Verst\u00e4ndnis f\u00fcr ein Projekt, das die obligatorische Wahrnehmung von Wissens- und Kulturtransfer von einer Ersten in eine mutma\u00dflich Dritte Welt in allen Belangen auf den Kopf stellt. &#8222;Von Afrika lernen\u201c und &#8222;Macht mit unserem Geld, was ihr wollt\u201c sind Losungen, die er dem Bau des OPERNDORFs vorangestellt hat. <\/p>\n<p>Am 8. Februar 2010 wurde in Burkina Faso der Grundstein f\u00fcr das OPERNDORF gelegt. Im Oktober 2011 wurde eine Grundschule er\u00f6ffnet, die neben den regul\u00e4ren Unterrichtsf\u00e4chern Film-, Kunst- und Musikklassen anbietet, in denen die Kinder lernen k\u00f6nnen, sich k\u00fcnstlerisch auszudr\u00fccken und ihr Leben auch im \u00fcbertragenen Sinne aktiv zu gestalten.<\/p>\n<p>Zwischen 2008 und 2011 hat die Wirklichkeit so handgreiflich und nachhaltig Einzug ins OPERNDORF gehalten. Vom puren Pathos und missionarischen Eifer, die westlichem Engagement in Afrika gerne anhaften, ist hier nichts zu sp\u00fcren. Im OPERNDORF geht es um die Entkernung unseres Kulturkomplexes, wie wir ihn hegen und pflegen. Wagners Kunstwerk ist noch nicht gesamt genug, Beuys Kunstbegriff muss erst noch erweitert werden \u2013 in  der Werkstatt Afrika! Es geht um die R\u00fcckgewinnung unserer Autonomie dadurch, dass wir andere machen lassen. <\/p>\n<p><em>&#8222;Keine unm\u00f6gliche Idee, die nur um des Profites wegen entstehen soll, sondern die Idee, Afrika offiziell zu beklauen und dazu den eigenen K\u00f6rper als Informationstr\u00e4ger mitzunehmen und einzusetzen. Kein goethereisender Kunstschn\u00f6sel, der den Afros mal zeigt, was deutsche Kultur so alles kann, sondern ein blasses europ\u00e4isches Blatt, das sich zur weiteren Belichtung nach Afrika begibt.\u201c<\/em> (Christoph Schlingensief)<\/p>\n<p>&#8222;Von Afrika lernen\u201c hei\u00dft, unseren Kunst- oder Opernbegriff vom Sockel der Meisterleistung auf Normalniveau zu bef\u00f6rdern. Diese Oper f\u00e4ngt schon in der Schule an. Im G\u00e4stehaus, in der Kantine, auf dem Sportplatz, den Ackerfl\u00e4chen, in der Krankenstation, in den Prober\u00e4umen, die jetzt im OPERNDORF gebaut werden sollen und f\u00fcr die weiter Spenden ben\u00f6tigt werden. <\/p>\n<p>Seit Schlingensiefs Tod im August 2010 wird das Projekt von seiner Ehefrau Aino Laberenz fortgef\u00fchrt. Sie wird dabei von einem deutschen und einem burkinischen Beirat organisatorisch und inhaltlich unterst\u00fctzt. Dem Beirat in Burkina kommt dabei eine wesentliche Rolle zu. Im Sinne des zentralen Projektanliegens, wonach das OPERNDORF mehr und mehr in die Souver\u00e4nit\u00e4t der Menschen vor Ort \u00fcbergehen soll, entwickeln seine Mitglieder Ideen und Programme f\u00fcr das k\u00fcnstlerische Leben im Dorf.<\/p>\n<p><em>&#8222;Christoph mochte das Bild eines Schneckenhauses, das sich nach und nach ausbreitet, mit einem Festspielhaus als Mittelpunkt \u2013 wie ein Organismus, der anw\u00e4chst. An diesem Organismus wollen wir  gemeinsam mit den Menschen vor Ort weiterbauen.\u201c<\/em> (Aino Laberenz)<\/p>\n<p>Schlingensiefs Arbeiten waren von jeher darauf angelegt, der Wirklichkeit die Inszenierung auszutreiben und den K\u00fcnsten Leben einzuhauchen. Das OPERNDORF AFRIKA geht noch weiter. \u00dcber Schlingensiefs Leben hinaus m\u00fcssen wir uns nicht darauf beschr\u00e4nken, seinen Nachlass zu verwalten und Retrospektiven zu besuchen. Wir sind aufgerufen, seine Kunst am Leben fortzusetzen. Die Menschen im und um das OPERNDORF haben damit schon begonnen.<\/p>\n<p><em>\u00a9 Festspielhaus Afrika gGmbH\/Pressearbeit<\/em><\/p>\n<p>Weitere Informationen zum OPERNDORF AFRIKA unter <strong>www.operndorf-afrika.com<\/strong>.<\/p>\n<p><strong>Bitte unterst\u00fctzen Sie das OPERNDORF AFRIKA mit einer Spende auf das folgende Konto:<\/strong><\/p>\n<p><strong>Festspielhaus Afrika gGmbH<br \/>\nDeutsche Bank Berlin<br \/>\nKto. 11 28 578<br \/>\nBLZ. 100 701 24<\/strong><\/p>\n","protected":false},"excerpt":{"rendered":"<p>Projektvorstellung mit Aino Laberenz, John Bock, Dr. Harald Falckenberg und Matthias Lilienthal am Donnerstag, 2.2.2012 im Thalia Theater, Hamburg<\/p>\n","protected":false},"author":1,"featured_media":0,"comment_status":"closed","ping_status":"closed","sticky":false,"template":"","format":"standard","meta":[],"categories":[9],"tags":[],"_links":{"self":[{"href":"https:\/\/www.schlingensief.com\/weblog\/index.php?rest_route=\/wp\/v2\/posts\/646"}],"collection":[{"href":"https:\/\/www.schlingensief.com\/weblog\/index.php?rest_route=\/wp\/v2\/posts"}],"about":[{"href":"https:\/\/www.schlingensief.com\/weblog\/index.php?rest_route=\/wp\/v2\/types\/post"}],"author":[{"embeddable":true,"href":"https:\/\/www.schlingensief.com\/weblog\/index.php?rest_route=\/wp\/v2\/users\/1"}],"replies":[{"embeddable":true,"href":"https:\/\/www.schlingensief.com\/weblog\/index.php?rest_route=%2Fwp%2Fv2%2Fcomments&post=646"}],"version-history":[{"count":0,"href":"https:\/\/www.schlingensief.com\/weblog\/index.php?rest_route=\/wp\/v2\/posts\/646\/revisions"}],"wp:attachment":[{"href":"https:\/\/www.schlingensief.com\/weblog\/index.php?rest_route=%2Fwp%2Fv2%2Fmedia&parent=646"}],"wp:term":[{"taxonomy":"category","embeddable":true,"href":"https:\/\/www.schlingensief.com\/weblog\/index.php?rest_route=%2Fwp%2Fv2%2Fcategories&post=646"},{"taxonomy":"post_tag","embeddable":true,"href":"https:\/\/www.schlingensief.com\/weblog\/index.php?rest_route=%2Fwp%2Fv2%2Ftags&post=646"}],"curies":[{"name":"wp","href":"https:\/\/api.w.org\/{rel}","templated":true}]}}