{"id":355,"date":"2009-04-22T14:03:57","date_gmt":"2009-04-22T12:03:57","guid":{"rendered":"https:\/\/www.schlingensief.com\/weblog\/?p=355"},"modified":"2009-04-22T14:03:57","modified_gmt":"2009-04-22T12:03:57","slug":"schlingensief-ohne-schlingensief-tagesspiegel","status":"publish","type":"post","link":"https:\/\/www.schlingensief.com\/weblog\/?p=355","title":{"rendered":"&#8222;EIN UNGEMEIN LEBENDIGES BUCH&#8220; (TAGESSPIEGEL)"},"content":{"rendered":"<p><strong>Eine Buchpremiere ohne den Autor: Christoph Schlingensiefs &#8222;So sch\u00f6n wie hier kanns im Himmel gar nicht sein!&#8220;<\/strong><\/p>\n<p><em>Von R\u00fcdiger Schaper <\/em><\/p>\n<p>Er ber\u00fchrt alle: Bayreuth, wo ihn der Wagner\u2019sche Malstrom weggerissen hat. Die \u201eBZ\u201c, wo er jetzt auf der Titelseite war. Reinhold Beckmann, in dessen Sendung er am Montagabend sagte, dass er seine Lebensgef\u00e4hrtin und Mitarbeiterin Aino Laberenz heiraten wird.<\/p>\n<p>Die Talkshow war am Montag aufgezeichnet worden. Am Dienstagmorgen wollte er in Berlin, im Volksb\u00fchnen-Prater, sein Buch vorstellen. Aber er konnte nicht kommen. Sichtlich geschockt erkl\u00e4rte sein Verleger Helge Malchow, Christoph Schlingensief habe in der Nacht einen Fieberschub erlitten. Aber wie pr\u00e4sent der Abwesende doch ist!<\/p>\n<p>Das Buch \u201eSo sch\u00f6n wie hier kanns im Himmel gar nicht sein!\u201c hat einen schwarzen Einband, mit einem leise, weise l\u00e4chelnden Schlingensief-Portrait. 250 Seiten, aufgezeichnet zwischen dem 15. Januar und dem 23. Dezember 2008. Das Vorwort hat Schlingensief vor vier Wochen geschrieben, nach der Premiere an der Wiener Burg: \u201eMea Culpa\u201c hei\u00dft sein j\u00fcngstes St\u00fcck, eine Ready-Made-Oper mit burleskem, befreiendem Charakter, die den Tod umkreist, wie alle Opern.<\/p>\n<p>\u201eDieses Buch\u201c, schreibt Schlingensief, \u201eist das Dokument einer Erkrankung, keine Kampfschrift. Zumindest keine Kampfschrift gegen eine Krankheit namens Krebs. Aber vielleicht eine f\u00fcr die Autonomie des Kranken und gegen die Sprachlosigkeit des Sterbens (&#8230;) Denn es geht hier nicht um ein besonderes Schicksal, sondern um eines unter Millionen.\u201c<\/p>\n<p>Nach der Lungenkrebsdiagnose begann er, seine Gedanken einem Diktierger\u00e4t anzuvertrauen. Dieses Sprechen mit sich selbst, mit seiner Kunst und mit den Menschen in seiner Umgebung hat sich im Druck erhalten. Es ist ein ungemein lebendiges Buch, lektoriert von Stephanie Kratz. Weil Schlingensief in jedem Moment darum k\u00e4mpft, nicht im Strudel von medizinischen Apparaten und Prozeduren, Medikamenten und vagen Prognosen zu versinken. S\u00e4tze von ersch\u00fctternder Heiterkeit, lapidare Worte: \u201eNa ja, dann atme ich jetzt noch mal mit beiden Lungenfl\u00fcgeln und lass mir da morgen den Dreck rausnehmen. Bis dann.\u201c<\/p>\n<p>Er denkt an seinen Vater, der ein Jahr zuvor gestorben ist. Er ringt mit Joseph Beuys und dessen Kunstbegriffen. Er denkt an Jesus (\u201eMein Gott, warum hast du mich verlassen? Ich glaube nicht, dass Jesus diesen Satz gesagt hat\u201c). Er versucht, eine Ordnung und einen Sinn in das eigene Schlingensief-Universum zu bringen, in seine Kunst, die weitergeht, die sich weitet ins Metaphysische. Vom Krankenhausbett plant und begleitet er die Urauff\u00fchrung der \u201eHeiligen Johanna\u201c, die im April 2008 an der Deutschen Oper Berlin triumphal aufgenommen wird. Er tr\u00e4umt von seinem Opernhaus in Afrika, nach dem Trauma von Bayreuth. Im September bricht er sein Schweigen. Er inszeniert in Duisburg f\u00fcr die Ruhr-Triennale \u201eEine Kirche der Angst vor dem Fremden in mir\u201c, sein eigenes Requiem. In wenigen Tagen, am 1. Mai, wird dieses gro\u00dfe, synkretische Werk das Berliner Theatertreffen er\u00f6ffnen. Eine einzige \u00d6ffnung ist jetzt das Leben des 48-J\u00e4hrigen, er bestimmt den Takt selbst. Das hat er erreicht.<\/p>\n<p>Ein Jahr der erzwungenen Langsamkeit, ein Jahr im Zeitraffer \u2013 angef\u00fcllt mit ungeheuren Kreativit\u00e4tssch\u00fcben. \u201eSo, jetzt schlafe ich mal. Nicht ohne an den tollen Spruch zu denken, den mir heute eine liebe Freundin geschickt hat. Meister Eckhardt sagt da: Wenn du deinen Frieden gemacht hast, sind die D\u00e4monen, die dich umgeben, in Wirklichkeit Engel.\u201c Die Wandlung, die Schlingensief durchgemacht hat, ist damit hell und klar beschrieben. Das Auf und Ab des Krebspatienten, der nur noch einen Lungenfl\u00fcgel hat, verdichtet eine K\u00fcnstlerexistenz, spiegelt sie wider. \u201eDas Schlimmste ist, glaube ich, dass alles Fiktive, alles f\u00fcr die Zukunft Ertr\u00e4umte ausgetr\u00e4umt ist. Im Moment ist alles endlos real und damit komme ich nicht klar.\u201c<\/p>\n<p>Christoph Schlingensief: So sch\u00f6n wie hier kanns im Himmel gar nicht sein! Tagebuch einer Krebserkrankung. Kiepenheuer &#038; Witsch. 255 Seiten, 18,95 Euro.<\/p>\n<p><em>(Erschienen im gedruckten Tagesspiegel vom 22.04.2009)<\/em><\/p>\n","protected":false},"excerpt":{"rendered":"<p>Eine Buchpremiere ohne den Autor: Christoph Schlingensiefs &#8222;So sch\u00f6n wie hier kanns im Himmel gar nicht sein!&#8220;<\/p>\n","protected":false},"author":1,"featured_media":0,"comment_status":"closed","ping_status":"closed","sticky":false,"template":"","format":"standard","meta":[],"categories":[3],"tags":[],"_links":{"self":[{"href":"https:\/\/www.schlingensief.com\/weblog\/index.php?rest_route=\/wp\/v2\/posts\/355"}],"collection":[{"href":"https:\/\/www.schlingensief.com\/weblog\/index.php?rest_route=\/wp\/v2\/posts"}],"about":[{"href":"https:\/\/www.schlingensief.com\/weblog\/index.php?rest_route=\/wp\/v2\/types\/post"}],"author":[{"embeddable":true,"href":"https:\/\/www.schlingensief.com\/weblog\/index.php?rest_route=\/wp\/v2\/users\/1"}],"replies":[{"embeddable":true,"href":"https:\/\/www.schlingensief.com\/weblog\/index.php?rest_route=%2Fwp%2Fv2%2Fcomments&post=355"}],"version-history":[{"count":0,"href":"https:\/\/www.schlingensief.com\/weblog\/index.php?rest_route=\/wp\/v2\/posts\/355\/revisions"}],"wp:attachment":[{"href":"https:\/\/www.schlingensief.com\/weblog\/index.php?rest_route=%2Fwp%2Fv2%2Fmedia&parent=355"}],"wp:term":[{"taxonomy":"category","embeddable":true,"href":"https:\/\/www.schlingensief.com\/weblog\/index.php?rest_route=%2Fwp%2Fv2%2Fcategories&post=355"},{"taxonomy":"post_tag","embeddable":true,"href":"https:\/\/www.schlingensief.com\/weblog\/index.php?rest_route=%2Fwp%2Fv2%2Ftags&post=355"}],"curies":[{"name":"wp","href":"https:\/\/api.w.org\/{rel}","templated":true}]}}