{"id":121,"date":"2006-08-03T15:22:34","date_gmt":"2006-08-03T13:22:34","guid":{"rendered":"https:\/\/www.schlingensief.com\/weblog\/?p=121"},"modified":"2006-08-03T15:22:34","modified_gmt":"2006-08-03T13:22:34","slug":"parsifal-startet-ins-dritte-jahr-dpa","status":"publish","type":"post","link":"https:\/\/www.schlingensief.com\/weblog\/?p=121","title":{"rendered":"SCHLINGENSIEFS \u00bbPARSIFAL\u00ab STARTET INS DRITTE JAHR (DPA)"},"content":{"rendered":"<p><strong>Die \u00abParsifal\u00bb-Inszenierung von Christoph Schlingensief bei den Bayreuther Wagner-Festspielen spaltet das Publikum auch im dritten Jahr. Neben Buhs f\u00fcr den Regisseur gab es Applaus und Bravo-Rufe<\/strong><br \/>\n<img loading=\"lazy\" src=\"..\/images\/dummie.gif\" width=\"1\" height=\"25\" border=\"0\"\/><br \/>\n<em>Von Stephan Maurer<\/em><br \/>\n<img loading=\"lazy\" src=\"..\/images\/dummie.gif\" width=\"1\" height=\"25\" border=\"0\"\/><br \/>\nKeine andere Inszenierung ist bei den Bayreuther Festspielen so umstritten wie der \u00abParsifal\u00bb von Christoph Schlingensief. Auch im dritten Jahr zeigt sich das Publikum gespalten. Laute Buh-Rufe schallten dem Regisseur entgegen, als er nach der Auff\u00fchrung am Mittwochabend vor den Vorhang trat. Es gab aber auch Applaus und Bravo-Rufe. Schlingensief quittierte die Reaktionen, indem er l\u00e4chelnd ins Publikum winkte und die Faust ballte.<\/p>\n<p>Gro\u00dfen Beifall bekamen der Chor und das Festspielorchester mit dem Dirigenten Adam Fischer, der eine pr\u00e4zise, wenn auch etwas spannungsarme und zeitweise recht weihevolle Auslegung der Wagnerschen Erl\u00f6sungsoper bot. Auf gutem Niveau agierte das S\u00e4ngerensemble mit Alfons Eberz in der Titelrolle, Robert Holl als Gurnemanz, John Wegner als Klingsor und Evelyn Herlitzius als Kundry. Alexander Marco-Buhrmester sang den Amfortas, Jyrki Korhonen den Titurel.<\/p>\n<p>Mit \u00abParsifal\u00bb ist der erste Auff\u00fchrungszyklus bei den Richard- Wagner-Festspielen beendet. Bis zum 28. August stehen noch 22 Auff\u00fchrungen im knapp 2000 Zuschauer fassenden Festspielhaus auf dem Programm.<\/p>\n<p><strong>Religionskonflikt im Mittelpunkt<\/strong><\/p>\n<p>Schlingensief hat seine optisch opulente, um Projektionen und Filmeinspielungen bereicherte Inszenierung in diesem Jahr nochmals umgebaut. Er nimmt sich nun des Religionskonflikts zwischen Christentum und Islam an und l\u00e4sst die Kundry als schwarz gewandete islamistische K\u00e4mpferin auftreten. Arabische Symbole und Zeichen erg\u00e4nzen die ohnehin schon \u00fcberaus anspielungsreiche Szenerie. So wird etwa die arabische \u00dcbersetzung eines Textes von Friedrich H\u00f6lderlin aus dem \u00abHyperion\u00bb eingeblendet.<\/p>\n<p>Auf der mit zahlreichen Aufbauten zugestellten Drehb\u00fchne versammelt Schlingensief ein buntes Personal von der Urmutter Gaia bis hin zu einem Parsifal-Doppelg\u00e4nger. Anders als von Richard Wagner erdacht, spuken der sieche Amfortas durch den zweiten und der entmannte Klingsor durch den dritten Akt. Am Ende streckt Parsifal den Amfortas mit dem Speer nieder, danach sterben er und Kundry selbst durch die Waffe.<\/p>\n<p><strong>Eine der ungew\u00f6hnlichsten Produktionen<\/strong><\/p>\n<p>Dieser \u00abParsifal\u00bb ist zweifellos eine der ungew\u00f6hnlichsten Produktionen, die je in Bayreuth gespielt wurden. Auch wenn die Ablehnung bei Teilen des Publikums gro\u00df ist, tut ein solches Projekt den Festspielen gut. Denn bei der Wagner-Interpretation hat Bayreuth starke Konkurrenz bekommen. Ambitionierte Inszenierungen sind heutzutage an vielen Opernh\u00e4usern zu sehen. Den interessanteren Wagner gebe es l\u00e4ngst auf anderen B\u00fchnen als Bayreuth, meint etwa die Wagner-Urenkelin Nike Wagner.<\/p>\n<p>Bei den Festspielen soll als Reaktion darauf die Laufzeit der Inszenierungen verk\u00fcrzt werden, um \u00f6fter etwas Neues bieten zu k\u00f6nnen. Aber unabh\u00e4ngig davon ist in den n\u00e4chsten Jahren auch auf dem \u00abGr\u00fcnen H\u00fcgel\u00bb f\u00fcr Spannung gesorgt. 2007 wird Katharina Wagner, Tochter des Festspielchefs Wolfgang Wagner (86) und m\u00f6glicherweise seine Nachfolgerin, ihre erste Bayreuth-Inszenierung vorlegen, \u00abDie Meistersinger von N\u00fcrnberg\u00bb. Das weltweite Interesse daran d\u00fcrfte gro\u00df sein.<\/p>\n<p><strong>Wer inszeniert den neuen \u00abParsifal\u00bb?<\/strong><\/p>\n<p>Die Wagner-Gemeinde r\u00e4tselt au\u00dferdem, wer den angek\u00fcndigten neuen \u00abParsifal\u00bb im Jahr 2008 inszenieren wird. Und dann ist da noch die Frage, wie es wohl mit dem neuen \u00abRing\u00bb weitergeht. Die diesj\u00e4hrige Neuinszenierung von Tankred Dorst soll bis 2010 auf dem Spielplan stehen. Hinter den Kulissen wird dar\u00fcber ger\u00e4tselt, ob der 80-j\u00e4hrige Dramatiker Dorst auch in den n\u00e4chsten Jahren nach Bayreuth kommen wird, um die noch recht unfertige Produktion zu verbessern.<\/p>\n<p>Dorst verstand sich nicht mit dem Dirigenten Christian Thielemann. Manche bezweifeln daher, dass sich der Autor den Zwist auf dem \u00abH\u00fcgel\u00bb nochmals antun will.<\/p>\n","protected":false},"excerpt":{"rendered":"<p>Die \u00bbParsifal\u00ab-Inszenierung von Christoph Schlingensief bei den Bayreuther Wagner-Festspielen spaltet das Publikum auch im dritten Jahr. Neben Buhs f\u00fcr den Regisseur gab es Applaus und Bravo-Rufe<\/p>\n","protected":false},"author":1,"featured_media":0,"comment_status":"closed","ping_status":"closed","sticky":false,"template":"","format":"standard","meta":[],"categories":[3],"tags":[],"_links":{"self":[{"href":"https:\/\/www.schlingensief.com\/weblog\/index.php?rest_route=\/wp\/v2\/posts\/121"}],"collection":[{"href":"https:\/\/www.schlingensief.com\/weblog\/index.php?rest_route=\/wp\/v2\/posts"}],"about":[{"href":"https:\/\/www.schlingensief.com\/weblog\/index.php?rest_route=\/wp\/v2\/types\/post"}],"author":[{"embeddable":true,"href":"https:\/\/www.schlingensief.com\/weblog\/index.php?rest_route=\/wp\/v2\/users\/1"}],"replies":[{"embeddable":true,"href":"https:\/\/www.schlingensief.com\/weblog\/index.php?rest_route=%2Fwp%2Fv2%2Fcomments&post=121"}],"version-history":[{"count":0,"href":"https:\/\/www.schlingensief.com\/weblog\/index.php?rest_route=\/wp\/v2\/posts\/121\/revisions"}],"wp:attachment":[{"href":"https:\/\/www.schlingensief.com\/weblog\/index.php?rest_route=%2Fwp%2Fv2%2Fmedia&parent=121"}],"wp:term":[{"taxonomy":"category","embeddable":true,"href":"https:\/\/www.schlingensief.com\/weblog\/index.php?rest_route=%2Fwp%2Fv2%2Fcategories&post=121"},{"taxonomy":"post_tag","embeddable":true,"href":"https:\/\/www.schlingensief.com\/weblog\/index.php?rest_route=%2Fwp%2Fv2%2Ftags&post=121"}],"curies":[{"name":"wp","href":"https:\/\/api.w.org\/{rel}","templated":true}]}}